{"id":1071,"date":"2026-04-14T10:27:43","date_gmt":"2026-04-14T16:27:43","guid":{"rendered":"https:\/\/eldiariorepublicamx.com\/?p=1071"},"modified":"2026-04-14T10:27:43","modified_gmt":"2026-04-14T16:27:43","slug":"autoridades-federales-anuncian-liberacion-exitosa-del-edil-de-taxco-y-confiscaciones-record-de-narcoticos","status":"publish","type":"post","link":"https:\/\/eldiariorepublicamx.com\/?p=1071","title":{"rendered":"Autoridades federales anuncian liberaci\u00f3n exitosa del edil de Taxco y confiscaciones r\u00e9cord de narc\u00f3ticos"},"content":{"rendered":"<p>El gabinete de seguridad del gobierno federal revel\u00f3 un informe de resultados donde resalta el rescate del presidente municipal de Taxco, Guerrero, y su progenitor, junto con la incautaci\u00f3n de cantidades hist\u00f3ricas de estupefacientes y m\u00e1s de 49 mil detenciones en el combate contra la delincuencia organizada, dentro de la estrategia nacional impulsada por la presidenta Claudia Sheinbaum.<\/p>\n<h3>Operativo de rescate en Guerrero y Estado de M\u00e9xico<\/h3>\n<p>Omar Garc\u00eda Harfuch, secretario de Seguridad y Protecci\u00f3n Ciudadana, detall\u00f3 durante la conferencia matutina en Palacio Nacional que un operativo realizado el 13 de abril permiti\u00f3 localizar con vida al alcalde Juan Andr\u00e9s Vega Carranza y a su padre, quienes hab\u00edan sido privados de la libertad. La acci\u00f3n, que incluy\u00f3 despliegues terrestres y a\u00e9reos con la participaci\u00f3n de la Sedena, Semar, Guardia Nacional y autoridades estatales, se bas\u00f3 en labores de inteligencia que identificaron rutas de traslado hacia el Estado de M\u00e9xico, donde fueron encontrados.<\/p>\n<p>Ambos fueron trasladados por v\u00eda a\u00e9rea a Guerrero para recibir atenci\u00f3n m\u00e9dica, mientras contin\u00faan las pesquisas para capturar a los responsables.<\/p>\n<h3>Capturas relevantes y golpes a estructuras criminales<\/h3>\n<p>El informe tambi\u00e9n destac\u00f3 detenciones clave en diferentes regiones del pa\u00eds. En operativos coordinados en la Ciudad de M\u00e9xico y el Estado de M\u00e9xico fueron aprehendidas diez personas, entre ellas Adri\u00e1n \u201cN\u201d, alias \u201cTerry\u201d, se\u00f1alado como l\u00edder del grupo delictivo \u201cC\u00e1rtel Nuevo Imperio\u201d.<\/p>\n<p>De manera paralela, fue detenido Ramiro Ulises \u201cN\u201d, alias \u201cComandante Galindo\u201d, presunto cabecilla de una c\u00e9lula criminal vinculada a homicidios, secuestros y robo de hidrocarburos. Asimismo, en Culiac\u00e1n, Sinaloa, fue capturado Samuel Ram\u00edrez Jr., uno de los fugitivos m\u00e1s buscados por el FBI, acusado de homicidio en Estados Unidos.<\/p>\n<h3>Incautaciones masivas de narc\u00f3ticos y armas<\/h3>\n<p>En el rubro de aseguramientos, las autoridades reportaron confiscaciones de gran magnitud. En Tijuana, Baja California, se decomisaron m\u00e1s de 1.5 toneladas de metanfetamina, mientras que en Sonora se aseguraron m\u00e1s de mil 800 kilogramos de coca\u00edna.<\/p>\n<p>En un balance general que abarca del 1 de octubre de 2024 al 31 de marzo de 2026, el Gabinete de Seguridad ha logrado la detenci\u00f3n de 49 mil 530 personas, el aseguramiento de 25 mil 700 armas de fuego y el decomiso de aproximadamente 500 toneladas de drogas.<\/p>\n<p>Adicionalmente, en operaciones mar\u00edtimas se han incautado m\u00e1s de 62 toneladas de coca\u00edna en alta mar, y se han desmantelado dos mil 330 laboratorios clandestinos utilizados para fabricar metanfetaminas.<\/p>\n<h3>Avances contra la extorsi\u00f3n y formaci\u00f3n policial<\/h3>\n<p>El combate al delito de extorsi\u00f3n tambi\u00e9n registra progresos. Desde julio de 2025, se han detenido m\u00e1s de mil 100 personas por este il\u00edcito en 24 entidades federativas, gracias a denuncias ciudadanas y a la coordinaci\u00f3n interinstitucional.<\/p>\n<p>Finalmente, Garc\u00eda Harfuch subray\u00f3 la creaci\u00f3n de la Escuela Nacional de Mandos, un proyecto nuevo para fortalecer la formaci\u00f3n de l\u00edderes en seguridad p\u00fablica, con la participaci\u00f3n de instituciones federales y estatales. Este modelo busca mejorar la capacidad operativa, la toma de decisiones y la coordinaci\u00f3n entre corporaciones, con un enfoque basado en la legalidad y el respeto a los derechos humanos.<\/p>\n<p>Con estos resultados, el gobierno federal sostiene que su estrategia de seguridad avanza con \u00e9nfasis en la coordinaci\u00f3n y el fortalecimiento institucional para reducir la incidencia delictiva en todo el pa\u00eds.<\/p>\n","protected":false},"excerpt":{"rendered":"<p>El gabinete de seguridad del gobierno federal revel\u00f3 un informe de resultados donde resalta el rescate del presidente municipal de Taxco, Guerrero, y su progenitor,&hellip;<\/p>\n","protected":false},"author":2,"featured_media":1072,"comment_status":"open","ping_status":"open","sticky":false,"template":"","format":"standard","meta":{"footnotes":""},"categories":[252],"tags":[922,923,273,42,924],"class_list":["post-1071","post","type-post","status-publish","format-standard","has-post-thumbnail","hentry","category-agenda-nacional","tag-decomisos","tag-detenciones","tag-rescate","tag-seguridad","tag-taxco"],"_links":{"self":[{"href":"https:\/\/eldiariorepublicamx.com\/index.php?rest_route=\/wp\/v2\/posts\/1071","targetHints":{"allow":["GET"]}}],"collection":[{"href":"https:\/\/eldiariorepublicamx.com\/index.php?rest_route=\/wp\/v2\/posts"}],"about":[{"href":"https:\/\/eldiariorepublicamx.com\/index.php?rest_route=\/wp\/v2\/types\/post"}],"author":[{"embeddable":true,"href":"https:\/\/eldiariorepublicamx.com\/index.php?rest_route=\/wp\/v2\/users\/2"}],"replies":[{"embeddable":true,"href":"https:\/\/eldiariorepublicamx.com\/index.php?rest_route=%2Fwp%2Fv2%2Fcomments&post=1071"}],"version-history":[{"count":0,"href":"https:\/\/eldiariorepublicamx.com\/index.php?rest_route=\/wp\/v2\/posts\/1071\/revisions"}],"wp:featuredmedia":[{"embeddable":true,"href":"https:\/\/eldiariorepublicamx.com\/index.php?rest_route=\/wp\/v2\/media\/1072"}],"wp:attachment":[{"href":"https:\/\/eldiariorepublicamx.com\/index.php?rest_route=%2Fwp%2Fv2%2Fmedia&parent=1071"}],"wp:term":[{"taxonomy":"category","embeddable":true,"href":"https:\/\/eldiariorepublicamx.com\/index.php?rest_route=%2Fwp%2Fv2%2Fcategories&post=1071"},{"taxonomy":"post_tag","embeddable":true,"href":"https:\/\/eldiariorepublicamx.com\/index.php?rest_route=%2Fwp%2Fv2%2Ftags&post=1071"}],"curies":[{"name":"wp","href":"https:\/\/api.w.org\/{rel}","templated":true}]}}