{"id":1064,"date":"2026-04-13T14:48:03","date_gmt":"2026-04-13T20:48:03","guid":{"rendered":"https:\/\/eldiariorepublicamx.com\/?p=1064"},"modified":"2026-04-13T14:48:30","modified_gmt":"2026-04-13T20:48:30","slug":"sheinbaum-impulsa-una-red-nacional-de-empleo-y-desarrollo-los-polos-de-desarrollo-son-la-apuesta-de-este-gobierno-para-que-la-inversion-llegue-a-todo-el-pais","status":"publish","type":"post","link":"https:\/\/eldiariorepublicamx.com\/?p=1064","title":{"rendered":"Sheinbaum impulsa una red nacional de empleo y desarrollo: los Polos de Desarrollo son la apuesta de este gobierno para que la inversi\u00f3n llegue a todo el pa\u00eds"},"content":{"rendered":"\n<p>El trabajo digno no deber\u00eda obligar a ninguna familia a separarse y nuestra presidenta Claudia Sheinbaun tiene eso claro, por ello es que cre\u00f3 los Polos de Desarrollo Econ\u00f3mico para el Bienestar (PODECOB)I: 15 zonas estrat\u00e9gicas distribuidas en todo el territorio nacional donde la inversi\u00f3n llega a las comunidades, no al rev\u00e9s. Con la inauguraci\u00f3n del polo de Huamantla, Tlaxcala, el proyecto arranc\u00f3 con resultados concretos.<\/p>\n\n\n\n<p><strong>\u00bfQu\u00e9 hace diferente a estos polos de otros proyectos de desarrollo industrial?<\/strong><\/p>\n\n\n\n<p>La diferencia est\u00e1 en el enfoque. Un Polo de Desarrollo no es solo un parque industrial: es una zona planificada con una visi\u00f3n de justicia social y sustentabilidad. El gobierno habilita la infraestructura y ofrece incentivos fiscales y facilidades administrativas para que las empresas lleguen. Pero la condici\u00f3n es que ese desarrollo beneficie a las familias de la regi\u00f3n, con empleo formal, con salario digno, con seguridad social.&nbsp;<\/p>\n\n\n\n<p>Nuestra presidenta lo enmarca dentro del Plan M\u00e9xico: una estrategia para que las tendencias globales de inversi\u00f3n y relocalizaci\u00f3n productiva se conviertan en oportunidades reales para los estados y comunidades que hist\u00f3ricamente han quedado al margen.<\/p>\n\n\n\n<p><strong>\u00bfQu\u00e9 estados ya cuentan con un Polo de Desarrollo para el Bienestar?<\/strong><\/p>\n\n\n\n<p>La red ya cubre 15 entidades federativas: Campeche, Chihuahua, Durango, Estado de M\u00e9xico, Guanajuato, Hidalgo (dos polos), Michoac\u00e1n, Puebla, Quintana Roo, Sinaloa, Sonora, Tamaulipas, Tlaxcala y Veracruz. Norte, centro, sur y sureste, una distribuci\u00f3n que responde a una l\u00f3gica deliberada: llevar la inversi\u00f3n a donde viven las familias trabajadoras de M\u00e9xico, no concentrarla siempre en los mismos polos hist\u00f3ricos. Para las comunidades en estos estados, los Polos de Desarrollo Econ\u00f3mico para el Bienestar no son solo una zona industrial, es la posibilidad de un empleo sin tener que irse lejos a buscarlo.<\/p>\n","protected":false},"excerpt":{"rendered":"<p>El trabajo digno no deber\u00eda obligar a ninguna familia a separarse y nuestra presidenta Claudia Sheinbaun tiene eso claro, por ello es que cre\u00f3 los&hellip;<\/p>\n","protected":false},"author":5,"featured_media":1065,"comment_status":"open","ping_status":"open","sticky":false,"template":"","format":"standard","meta":{"footnotes":""},"categories":[252,251],"tags":[13,96,404,18],"class_list":["post-1064","post","type-post","status-publish","format-standard","has-post-thumbnail","hentry","category-agenda-nacional","category-la-mananera-en-breve","tag-claudia-sheinbaum","tag-gobierno-federal","tag-mananera","tag-morena"],"_links":{"self":[{"href":"https:\/\/eldiariorepublicamx.com\/index.php?rest_route=\/wp\/v2\/posts\/1064","targetHints":{"allow":["GET"]}}],"collection":[{"href":"https:\/\/eldiariorepublicamx.com\/index.php?rest_route=\/wp\/v2\/posts"}],"about":[{"href":"https:\/\/eldiariorepublicamx.com\/index.php?rest_route=\/wp\/v2\/types\/post"}],"author":[{"embeddable":true,"href":"https:\/\/eldiariorepublicamx.com\/index.php?rest_route=\/wp\/v2\/users\/5"}],"replies":[{"embeddable":true,"href":"https:\/\/eldiariorepublicamx.com\/index.php?rest_route=%2Fwp%2Fv2%2Fcomments&post=1064"}],"version-history":[{"count":1,"href":"https:\/\/eldiariorepublicamx.com\/index.php?rest_route=\/wp\/v2\/posts\/1064\/revisions"}],"predecessor-version":[{"id":1066,"href":"https:\/\/eldiariorepublicamx.com\/index.php?rest_route=\/wp\/v2\/posts\/1064\/revisions\/1066"}],"wp:featuredmedia":[{"embeddable":true,"href":"https:\/\/eldiariorepublicamx.com\/index.php?rest_route=\/wp\/v2\/media\/1065"}],"wp:attachment":[{"href":"https:\/\/eldiariorepublicamx.com\/index.php?rest_route=%2Fwp%2Fv2%2Fmedia&parent=1064"}],"wp:term":[{"taxonomy":"category","embeddable":true,"href":"https:\/\/eldiariorepublicamx.com\/index.php?rest_route=%2Fwp%2Fv2%2Fcategories&post=1064"},{"taxonomy":"post_tag","embeddable":true,"href":"https:\/\/eldiariorepublicamx.com\/index.php?rest_route=%2Fwp%2Fv2%2Ftags&post=1064"}],"curies":[{"name":"wp","href":"https:\/\/api.w.org\/{rel}","templated":true}]}}