{"id":1061,"date":"2026-04-13T14:38:25","date_gmt":"2026-04-13T20:38:25","guid":{"rendered":"https:\/\/eldiariorepublicamx.com\/?p=1061"},"modified":"2026-04-13T14:38:26","modified_gmt":"2026-04-13T20:38:26","slug":"claudia-sheinbaum-destina-mas-de-1-billon-de-pesos-en-la-educacion-de-tus-hijos-la-inversion-en-becas-mas-alta-que-mexico-haya-visto-jamas","status":"publish","type":"post","link":"https:\/\/eldiariorepublicamx.com\/?p=1061","title":{"rendered":"Claudia Sheinbaum destina m\u00e1s de 1 bill\u00f3n de pesos en la educaci\u00f3n de tus hijos: la inversi\u00f3n en becas m\u00e1s alta que M\u00e9xico haya visto jam\u00e1s"},"content":{"rendered":"\n<p>Nuestra presidenta Claudia Sheinbaum anunci\u00f3 este lunes <strong>una apuesta sin precedente por la educaci\u00f3n de las familias mexicanas: m\u00e1s de 1 bill\u00f3n de pesos en becas<\/strong> a lo largo del sexenio, el monto m\u00e1s alto en la historia del pa\u00eds.&nbsp;<\/p>\n\n\n\n<p>Para las familias trabajadoras que cada d\u00eda calculan si el gasto alcanza para mantener a sus hijos en la escuela, este anuncio cambia la ecuaci\u00f3n. La presidenta Claudia Sheinbaum lo dijo con claridad: &#8220;Darle una beca a un ni\u00f1o o a una ni\u00f1a es una inversi\u00f3n, no es un gasto&#8221;. Y los n\u00fameros lo respaldan.<\/p>\n\n\n\n<p><strong>\u00bfC\u00f3mo apoya este programa a las familias que m\u00e1s lo necesitan?<\/strong><\/p>\n\n\n\n<p>La estrategia de nuestra presidenta cubre a los hijos desde la educaci\u00f3n b\u00e1sica hasta la universidad. La <strong>Beca Benito Ju\u00e1rez<\/strong> llega a los estudiantes de primaria y secundaria en comunidades de mayor marginaci\u00f3n, para que ning\u00fan ni\u00f1o deje la escuela por falta de recursos. La <strong>Beca Rita Cetina<\/strong> garantiza apoyo a todas las estudiantes de secundaria del pa\u00eds, sin excepci\u00f3n. Y para los j\u00f3venes que llegan a la universidad, el programa <strong>J\u00f3venes Escribiendo el Futuro<\/strong> asegura que el costo no sea el motivo para abandonar la carrera. En total: <strong>129.5 millones de becas<\/strong> proyectadas para este sexenio.<\/p>\n\n\n\n<p><strong>\u00bfQu\u00e9 tan diferente es este gobierno de los que vinieron antes?<\/strong><\/p>\n\n\n\n<p>La historia lo muestra sin rodeos. Fox destin\u00f3 77,724 millones de pesos en becas durante su sexenio. Calder\u00f3n lleg\u00f3 a 140,565 millones. Pe\u00f1a Nieto, a 224,440 millones. AMLO cerr\u00f3 con 463,001 millones. Nuestra presidenta proyecta superar el <strong>bill\u00f3n de pesos<\/strong>, m\u00e1s del doble que el gobierno anterior, y casi 13 veces m\u00e1s que Fox.&nbsp;<\/p>\n\n\n\n<p>No es un incremento gradual: es un cambio de escala que refleja una convicci\u00f3n distinta sobre el papel del Estado frente a las familias que trabajan para sacar adelante a sus hijos.<\/p>\n\n\n\n<p><strong>Porque cuando un gobierno decide que educar es invertir, las familias dejan de cargar ese peso solas.<\/strong><\/p>\n","protected":false},"excerpt":{"rendered":"<p>Nuestra presidenta Claudia Sheinbaum anunci\u00f3 este lunes una apuesta sin precedente por la educaci\u00f3n de las familias mexicanas: m\u00e1s de 1 bill\u00f3n de pesos en&hellip;<\/p>\n","protected":false},"author":5,"featured_media":1062,"comment_status":"open","ping_status":"open","sticky":false,"template":"","format":"standard","meta":{"footnotes":""},"categories":[251],"tags":[13,96,404,45,18],"class_list":["post-1061","post","type-post","status-publish","format-standard","has-post-thumbnail","hentry","category-la-mananera-en-breve","tag-claudia-sheinbaum","tag-gobierno-federal","tag-mananera","tag-mexico","tag-morena"],"_links":{"self":[{"href":"https:\/\/eldiariorepublicamx.com\/index.php?rest_route=\/wp\/v2\/posts\/1061","targetHints":{"allow":["GET"]}}],"collection":[{"href":"https:\/\/eldiariorepublicamx.com\/index.php?rest_route=\/wp\/v2\/posts"}],"about":[{"href":"https:\/\/eldiariorepublicamx.com\/index.php?rest_route=\/wp\/v2\/types\/post"}],"author":[{"embeddable":true,"href":"https:\/\/eldiariorepublicamx.com\/index.php?rest_route=\/wp\/v2\/users\/5"}],"replies":[{"embeddable":true,"href":"https:\/\/eldiariorepublicamx.com\/index.php?rest_route=%2Fwp%2Fv2%2Fcomments&post=1061"}],"version-history":[{"count":1,"href":"https:\/\/eldiariorepublicamx.com\/index.php?rest_route=\/wp\/v2\/posts\/1061\/revisions"}],"predecessor-version":[{"id":1063,"href":"https:\/\/eldiariorepublicamx.com\/index.php?rest_route=\/wp\/v2\/posts\/1061\/revisions\/1063"}],"wp:featuredmedia":[{"embeddable":true,"href":"https:\/\/eldiariorepublicamx.com\/index.php?rest_route=\/wp\/v2\/media\/1062"}],"wp:attachment":[{"href":"https:\/\/eldiariorepublicamx.com\/index.php?rest_route=%2Fwp%2Fv2%2Fmedia&parent=1061"}],"wp:term":[{"taxonomy":"category","embeddable":true,"href":"https:\/\/eldiariorepublicamx.com\/index.php?rest_route=%2Fwp%2Fv2%2Fcategories&post=1061"},{"taxonomy":"post_tag","embeddable":true,"href":"https:\/\/eldiariorepublicamx.com\/index.php?rest_route=%2Fwp%2Fv2%2Ftags&post=1061"}],"curies":[{"name":"wp","href":"https:\/\/api.w.org\/{rel}","templated":true}]}}