{"id":1049,"date":"2026-04-13T10:27:38","date_gmt":"2026-04-13T16:27:38","guid":{"rendered":"https:\/\/eldiariorepublicamx.com\/?p=1049"},"modified":"2026-04-13T10:27:38","modified_gmt":"2026-04-13T16:27:38","slug":"futbolista-de-necaxa-cae-a-fosa-en-el-estadio-corregidora-durante-partido-de-la-liga-mx","status":"publish","type":"post","link":"https:\/\/eldiariorepublicamx.com\/?p=1049","title":{"rendered":"Futbolista de Necaxa cae a fosa en el Estadio Corregidora durante partido de la Liga MX"},"content":{"rendered":"<p>Un incidente inusual capt\u00f3 la atenci\u00f3n durante el partido de la Jornada 14 del Clausura 2026 de la Liga MX, cuando el defensa Emilio Lara, del Necaxa, cay\u00f3 a una fosa del Estadio Corregidora en Quer\u00e9taro mientras disputaba un bal\u00f3n cerca de la l\u00ednea de fondo.<\/p>\n<h3>El momento de la ca\u00edda<\/h3>\n<p>La acci\u00f3n ocurri\u00f3 cuando Lara persegu\u00eda el esf\u00e9rico a m\u00e1xima velocidad, presionado por un rival, y no logr\u00f3 frenar a tiempo al acercarse al l\u00edmite del terreno de juego. Perdi\u00f3 el equilibrio y cay\u00f3 directamente en el espacio que separa el campo de las tribunas, junto a una esquina.<\/p>\n<h3>Sin consecuencias graves<\/h3>\n<p>Afortunadamente, el futbolista pudo reincorporarse de inmediato, saliendo por su propio pie del hueco y volviendo al partido sin aparentes lesiones. El \u00e1rbitro detuvo brevemente el juego para verificar su estado, permitiendo luego la reanudaci\u00f3n normal del encuentro, que termin\u00f3 con victoria del Quer\u00e9taro 3-1.<\/p>\n<p>En las gradas, la preocupaci\u00f3n inicial de los aficionados cercanos a la zona se transform\u00f3 r\u00e1pidamente en risas y comentarios humor\u00edsticos, aliviando la tensi\u00f3n tras la aparatosa ca\u00edda.<\/p>\n<h3>Reacci\u00f3n en redes sociales<\/h3>\n<p>El episodio se viraliz\u00f3 en plataformas digitales, convirti\u00e9ndose en uno de los momentos m\u00e1s comentados de la jornada. Los usuarios destacaron lo extra\u00f1o de la jugada, compar\u00e1ndola con escenas c\u00f3micas, y celebraron que no hubiera resultado en da\u00f1os serios para el deportista.<\/p>\n<p>As\u00ed, el partido qued\u00f3 marcado por esta an\u00e9cdota peculiar, que puso sobre la mesa la importancia de las condiciones de seguridad en los estadios, pero que tambi\u00e9n dej\u00f3 un momento chusco para el recuerdo del torneo.<\/p>\n","protected":false},"excerpt":{"rendered":"<p>Un incidente inusual capt\u00f3 la atenci\u00f3n durante el partido de la Jornada 14 del Clausura 2026 de la Liga MX, cuando el defensa Emilio Lara,&hellip;<\/p>\n","protected":false},"author":2,"featured_media":1050,"comment_status":"open","ping_status":"open","sticky":false,"template":"","format":"standard","meta":{"footnotes":""},"categories":[291],"tags":[334,908,910,338,909],"class_list":["post-1049","post","type-post","status-publish","format-standard","has-post-thumbnail","hentry","category-deportes","tag-clausura-2026","tag-emilio-lara","tag-estadio-corregidora","tag-liga-mx","tag-necaxa"],"_links":{"self":[{"href":"https:\/\/eldiariorepublicamx.com\/index.php?rest_route=\/wp\/v2\/posts\/1049","targetHints":{"allow":["GET"]}}],"collection":[{"href":"https:\/\/eldiariorepublicamx.com\/index.php?rest_route=\/wp\/v2\/posts"}],"about":[{"href":"https:\/\/eldiariorepublicamx.com\/index.php?rest_route=\/wp\/v2\/types\/post"}],"author":[{"embeddable":true,"href":"https:\/\/eldiariorepublicamx.com\/index.php?rest_route=\/wp\/v2\/users\/2"}],"replies":[{"embeddable":true,"href":"https:\/\/eldiariorepublicamx.com\/index.php?rest_route=%2Fwp%2Fv2%2Fcomments&post=1049"}],"version-history":[{"count":0,"href":"https:\/\/eldiariorepublicamx.com\/index.php?rest_route=\/wp\/v2\/posts\/1049\/revisions"}],"wp:featuredmedia":[{"embeddable":true,"href":"https:\/\/eldiariorepublicamx.com\/index.php?rest_route=\/wp\/v2\/media\/1050"}],"wp:attachment":[{"href":"https:\/\/eldiariorepublicamx.com\/index.php?rest_route=%2Fwp%2Fv2%2Fmedia&parent=1049"}],"wp:term":[{"taxonomy":"category","embeddable":true,"href":"https:\/\/eldiariorepublicamx.com\/index.php?rest_route=%2Fwp%2Fv2%2Fcategories&post=1049"},{"taxonomy":"post_tag","embeddable":true,"href":"https:\/\/eldiariorepublicamx.com\/index.php?rest_route=%2Fwp%2Fv2%2Ftags&post=1049"}],"curies":[{"name":"wp","href":"https:\/\/api.w.org\/{rel}","templated":true}]}}