{"id":1046,"date":"2026-04-12T12:57:47","date_gmt":"2026-04-12T18:57:47","guid":{"rendered":"https:\/\/eldiariorepublicamx.com\/?p=1046"},"modified":"2026-04-12T12:57:52","modified_gmt":"2026-04-12T18:57:52","slug":"sheinbaum-inaugura-el-primer-polo-de-desarrollo-del-pais-en-tlaxcala-inversion-empleos-y-bienestar-para-quienes-mas-lo-necesitan","status":"publish","type":"post","link":"https:\/\/eldiariorepublicamx.com\/?p=1046","title":{"rendered":"\u00a0Sheinbaum inaugura el primer Polo de Desarrollo del pa\u00eds en Tlaxcala: inversi\u00f3n, empleos y bienestar para quienes m\u00e1s lo necesitan"},"content":{"rendered":"\n<p><em>Huamantla se convierte en modelo nacional de inversi\u00f3n, empleo y bienestar dentro del Plan M\u00e9xico<\/em><\/p>\n\n\n\n<p><strong>Huamantla, Tlaxcala \u2014<\/strong> El <strong>primer Polo de Desarrollo Econ\u00f3mico para el Bienestar (PODECOBI)<\/strong> del pa\u00eds abri\u00f3 hoy sus puertas en Huamantla, Tlaxcala, de la mano de nuestra presidenta <strong>Claudia Sheinbaum Pardo<\/strong>, convirtiendo a este municipio en el punto de partida de una estrategia nacional que busca reindustrializar M\u00e9xico con soberan\u00eda productiva, desarrollo con justicia y <strong>Prosperidad Compartida<\/strong>, el primero de 15 complejos del <strong>Plan M\u00e9xico<\/strong> dise\u00f1ados para que el pa\u00eds produzca m\u00e1s para su propia gente.<\/p>\n\n\n\n<p><strong>540 millones de d\u00f3lares, 7 empresas y hasta 6,000 empleos<\/strong><\/p>\n\n\n\n<p>Para lograrlo, el polo atrae una inversi\u00f3n privada de <strong>540 millones de d\u00f3lares<\/strong>, m\u00e1s de <strong>10,400 millones de pesos<\/strong> al tipo de cambio SHCP, con <strong>7 empresas<\/strong> de M\u00e9xico, Alemania, Argentina y Estados Unidos: <strong>Knipping Automotive<\/strong>, <strong>Servicios Integrados de Administraci\u00f3n de Alta Gerencia<\/strong> y <strong>Comercializadora Rag\u00f3n<\/strong>, entre otras, en sectores automotriz, alimenticio, maderero y metalmec\u00e1nico, sobre <strong>53 hect\u00e1reas<\/strong> con el <strong>100% de lotes comprometidos<\/strong>.&nbsp;<\/p>\n\n\n\n<p>El resultado: hasta <strong>6,000 empleos<\/strong> directos e indirectos para la regi\u00f3n.<\/p>\n\n\n\n<p><strong>Bienestar social: el coraz\u00f3n del proyecto<\/strong><\/p>\n\n\n\n<p>El PODECOBI est\u00e1 dise\u00f1ado para beneficiar directamente a <strong>familias de municipios hist\u00f3ricamente rezagados<\/strong>, donde durante d\u00e9cadas la migraci\u00f3n fue la \u00fanica salida. Articula empleo con formaci\u00f3n t\u00e9cnica en instituciones de <strong>educaci\u00f3n media superior y superior<\/strong>, impulsa la <strong>agroindustria<\/strong> y se vincula con el <strong>turismo cultural<\/strong> de la regi\u00f3n.&nbsp;<\/p>\n\n\n\n<p>Adem\u00e1s, contar\u00e1 con un <strong>Centro de Educaci\u00f3n y Cuidado Infantil (CECI)<\/strong>, el segundo en el estado, para que las madres trabajadoras tengan atenci\u00f3n de calidad para sus hijos. La meta: que los j\u00f3venes tlaxcaltecas accedan a las industrias del futuro <strong>sin salir de su tierra<\/strong>.<\/p>\n\n\n\n<p><strong>Tlaxcala, modelo para todo el pa\u00eds<\/strong><\/p>\n\n\n\n<p>Nuestra presidenta, acompa\u00f1ada por la gobernadora <strong>Lorena Cu\u00e9llar Cisneros<\/strong>, instruy\u00f3 que el esquema de Huamantla sea el <strong>modelo a replicar<\/strong> en los pr\u00f3ximos 14 polos del Plan M\u00e9xico. Tlaxcala tiene confirmado un <strong>segundo PODECOBI <\/strong>que arrancar\u00e1 en cuanto el primero opere a plena capacidad. Crecer con justicia no es solo una promesa, hoy, en Tlaxcala, es una realidad.<\/p>\n","protected":false},"excerpt":{"rendered":"<p>Huamantla se convierte en modelo nacional de inversi\u00f3n, empleo y bienestar dentro del Plan M\u00e9xico Huamantla, Tlaxcala \u2014 El primer Polo de Desarrollo Econ\u00f3mico para&hellip;<\/p>\n","protected":false},"author":5,"featured_media":1047,"comment_status":"open","ping_status":"open","sticky":false,"template":"","format":"standard","meta":{"footnotes":""},"categories":[252,251],"tags":[13,45,18,288],"class_list":["post-1046","post","type-post","status-publish","format-standard","has-post-thumbnail","hentry","category-agenda-nacional","category-la-mananera-en-breve","tag-claudia-sheinbaum","tag-mexico","tag-morena","tag-sheinbaum"],"_links":{"self":[{"href":"https:\/\/eldiariorepublicamx.com\/index.php?rest_route=\/wp\/v2\/posts\/1046","targetHints":{"allow":["GET"]}}],"collection":[{"href":"https:\/\/eldiariorepublicamx.com\/index.php?rest_route=\/wp\/v2\/posts"}],"about":[{"href":"https:\/\/eldiariorepublicamx.com\/index.php?rest_route=\/wp\/v2\/types\/post"}],"author":[{"embeddable":true,"href":"https:\/\/eldiariorepublicamx.com\/index.php?rest_route=\/wp\/v2\/users\/5"}],"replies":[{"embeddable":true,"href":"https:\/\/eldiariorepublicamx.com\/index.php?rest_route=%2Fwp%2Fv2%2Fcomments&post=1046"}],"version-history":[{"count":1,"href":"https:\/\/eldiariorepublicamx.com\/index.php?rest_route=\/wp\/v2\/posts\/1046\/revisions"}],"predecessor-version":[{"id":1048,"href":"https:\/\/eldiariorepublicamx.com\/index.php?rest_route=\/wp\/v2\/posts\/1046\/revisions\/1048"}],"wp:featuredmedia":[{"embeddable":true,"href":"https:\/\/eldiariorepublicamx.com\/index.php?rest_route=\/wp\/v2\/media\/1047"}],"wp:attachment":[{"href":"https:\/\/eldiariorepublicamx.com\/index.php?rest_route=%2Fwp%2Fv2%2Fmedia&parent=1046"}],"wp:term":[{"taxonomy":"category","embeddable":true,"href":"https:\/\/eldiariorepublicamx.com\/index.php?rest_route=%2Fwp%2Fv2%2Fcategories&post=1046"},{"taxonomy":"post_tag","embeddable":true,"href":"https:\/\/eldiariorepublicamx.com\/index.php?rest_route=%2Fwp%2Fv2%2Ftags&post=1046"}],"curies":[{"name":"wp","href":"https:\/\/api.w.org\/{rel}","templated":true}]}}