{"id":1036,"date":"2026-04-12T10:28:52","date_gmt":"2026-04-12T16:28:52","guid":{"rendered":"https:\/\/eldiariorepublicamx.com\/?p=1036"},"modified":"2026-04-12T10:28:52","modified_gmt":"2026-04-12T16:28:52","slug":"claudia-sheinbaum-fortalece-la-influencia-progresista-de-mexico-en-el-escenario-internacional-ante-cambios-politicos-regionales","status":"publish","type":"post","link":"https:\/\/eldiariorepublicamx.com\/?p=1036","title":{"rendered":"Claudia Sheinbaum fortalece la influencia progresista de M\u00e9xico en el escenario internacional ante cambios pol\u00edticos regionales"},"content":{"rendered":"<p>Ante un entorno geopol\u00edtico complejo, la presidenta Claudia Sheinbaum ha decidido intensificar su participaci\u00f3n internacional, marcando el fin de una etapa de bajo perfil diplom\u00e1tico.<\/p>\n<h3>Un contexto regional en transformaci\u00f3n<\/h3>\n<p>La mandataria mexicana act\u00faa en un escenario donde la presi\u00f3n desde Estados Unidos, con un Donald Trump vol\u00e1til, se combina con un giro hacia posiciones conservadoras en varios pa\u00edses del sur.<\/p>\n<p>Sheinbaum, conocida por su preferencia a evitar viajes que no sean estrictamente institucionales, ha realizado recientemente una serie de gestos de acercamiento con otros l\u00edderes de ideolog\u00eda af\u00edn a la suya.<\/p>\n","protected":false},"excerpt":{"rendered":"<p>Ante un entorno geopol\u00edtico complejo, la presidenta Claudia Sheinbaum ha decidido intensificar su participaci\u00f3n internacional, marcando el fin de una etapa de bajo perfil diplom\u00e1tico.&hellip;<\/p>\n","protected":false},"author":2,"featured_media":1037,"comment_status":"open","ping_status":"open","sticky":false,"template":"","format":"standard","meta":{"footnotes":""},"categories":[53,252],"tags":[892,894,45,893,288],"class_list":["post-1036","post","type-post","status-publish","format-standard","has-post-thumbnail","hentry","category-agenda-internacional","category-agenda-nacional","tag-internacional","tag-liderazgo","tag-mexico","tag-progresista","tag-sheinbaum"],"_links":{"self":[{"href":"https:\/\/eldiariorepublicamx.com\/index.php?rest_route=\/wp\/v2\/posts\/1036","targetHints":{"allow":["GET"]}}],"collection":[{"href":"https:\/\/eldiariorepublicamx.com\/index.php?rest_route=\/wp\/v2\/posts"}],"about":[{"href":"https:\/\/eldiariorepublicamx.com\/index.php?rest_route=\/wp\/v2\/types\/post"}],"author":[{"embeddable":true,"href":"https:\/\/eldiariorepublicamx.com\/index.php?rest_route=\/wp\/v2\/users\/2"}],"replies":[{"embeddable":true,"href":"https:\/\/eldiariorepublicamx.com\/index.php?rest_route=%2Fwp%2Fv2%2Fcomments&post=1036"}],"version-history":[{"count":0,"href":"https:\/\/eldiariorepublicamx.com\/index.php?rest_route=\/wp\/v2\/posts\/1036\/revisions"}],"wp:featuredmedia":[{"embeddable":true,"href":"https:\/\/eldiariorepublicamx.com\/index.php?rest_route=\/wp\/v2\/media\/1037"}],"wp:attachment":[{"href":"https:\/\/eldiariorepublicamx.com\/index.php?rest_route=%2Fwp%2Fv2%2Fmedia&parent=1036"}],"wp:term":[{"taxonomy":"category","embeddable":true,"href":"https:\/\/eldiariorepublicamx.com\/index.php?rest_route=%2Fwp%2Fv2%2Fcategories&post=1036"},{"taxonomy":"post_tag","embeddable":true,"href":"https:\/\/eldiariorepublicamx.com\/index.php?rest_route=%2Fwp%2Fv2%2Ftags&post=1036"}],"curies":[{"name":"wp","href":"https:\/\/api.w.org\/{rel}","templated":true}]}}