{"id":1021,"date":"2026-04-11T10:26:52","date_gmt":"2026-04-11T16:26:52","guid":{"rendered":"https:\/\/eldiariorepublicamx.com\/?p=1021"},"modified":"2026-04-11T10:26:52","modified_gmt":"2026-04-11T16:26:52","slug":"seleccion-mexicana-busca-talentos-europeos-con-ascendencia-mexicana-milan-bloquea-a-joven-central","status":"publish","type":"post","link":"https:\/\/eldiariorepublicamx.com\/?p=1021","title":{"rendered":"Selecci\u00f3n Mexicana busca talentos europeos con ascendencia mexicana; Milan bloquea a joven central"},"content":{"rendered":"<p>El director de Selecciones Menores de la Federaci\u00f3n Mexicana de F\u00fatbol, Andr\u00e9s Lillini, lidera un proceso de globalizaci\u00f3n para captar jugadores con ascendencia mexicana en Europa, donde ya tiene identificados a 30 futbolistas elegibles para representar al pa\u00eds.<\/p>\n<h3>Dos promesas italianas en la mira<\/h3>\n<p>El trabajo de scouting del Tricolor en el viejo continente se ha centrado especialmente en Italia, donde se han contactado a dos j\u00f3venes talentos de clubes importantes de la Serie A: Sebastian Mattei de la Roma y Mateo Zannaca del Milan.<\/p>\n<p>En una entrevista exclusiva, Lillini explic\u00f3 la situaci\u00f3n de cada uno: &#8220;Hoy tenemos un mapa de 30 jugadores en Europa, es impresionante la cantidad de jugadores mexicanos elegibles que hay (en Europa), ya sea por una descendencia de mam\u00e1 o pap\u00e1&#8221;.<\/p>\n<h3>Mattei, ilusionado con la Sub 17<\/h3>\n<p>Sebastian Mattei, lateral derecho o mediocampista de la Roma y capit\u00e1n de su equipo en la categor\u00eda Sub 16, ya fue contactado y mostr\u00f3 inter\u00e9s en sumarse a la Selecci\u00f3n Mexicana. &#8220;Lo vamos a llevar a Rosario en un torneo en mayo, \u00e9l es Sub 16 pero lo vamos a llevar a la Sub 17 con un a\u00f1o m\u00e1s grandes, ya jug\u00f3 para Italia, pero est\u00e1 muy ilusionado, lo llamamos, habl\u00e9 con sus pap\u00e1s y su mam\u00e1 est\u00e1 muy agradecida&#8221;, detall\u00f3 Lillini.<\/p>\n<h3>El Milan niega el permiso a Zannaca<\/h3>\n<p>La situaci\u00f3n es diferente para Mateo Zannaca, un central zurdo de 15 a\u00f1os y 1.90 metros del Milan. Aunque su familia acept\u00f3 la convocatoria para la Sub 15, el club italiano bloque\u00f3 su participaci\u00f3n. &#8220;Para la Sub 15 \u00edbamos a traer a Mateo Zanacca, central de 15 a\u00f1os y 1.90m, zurdo. La familia acept\u00f3, en ese caso me escribi\u00f3 la mam\u00e1 a m\u00ed, me dijo que su hijo jugaba en el Milan, pero el Milan le neg\u00f3 la convocatoria&#8221;, se\u00f1al\u00f3 el director.<\/p>\n<p>Se espera que la Selecci\u00f3n Mexicana insista en el futuro con Zannaca, dado el inter\u00e9s mutuo para que el defensa juegue con el Tricolor.<\/p>\n","protected":false},"excerpt":{"rendered":"<p>El director de Selecciones Menores de la Federaci\u00f3n Mexicana de F\u00fatbol, Andr\u00e9s Lillini, lidera un proceso de globalizaci\u00f3n para captar jugadores con ascendencia mexicana en&hellip;<\/p>\n","protected":false},"author":2,"featured_media":1022,"comment_status":"open","ping_status":"open","sticky":false,"template":"","format":"standard","meta":{"footnotes":""},"categories":[291],"tags":[881,840,883,590,376,882],"class_list":["post-1021","post","type-post","status-publish","format-standard","has-post-thumbnail","hentry","category-deportes","tag-andres-lillini","tag-europa","tag-milan","tag-roma","tag-seleccion-mexicana","tag-talentos"],"_links":{"self":[{"href":"https:\/\/eldiariorepublicamx.com\/index.php?rest_route=\/wp\/v2\/posts\/1021","targetHints":{"allow":["GET"]}}],"collection":[{"href":"https:\/\/eldiariorepublicamx.com\/index.php?rest_route=\/wp\/v2\/posts"}],"about":[{"href":"https:\/\/eldiariorepublicamx.com\/index.php?rest_route=\/wp\/v2\/types\/post"}],"author":[{"embeddable":true,"href":"https:\/\/eldiariorepublicamx.com\/index.php?rest_route=\/wp\/v2\/users\/2"}],"replies":[{"embeddable":true,"href":"https:\/\/eldiariorepublicamx.com\/index.php?rest_route=%2Fwp%2Fv2%2Fcomments&post=1021"}],"version-history":[{"count":0,"href":"https:\/\/eldiariorepublicamx.com\/index.php?rest_route=\/wp\/v2\/posts\/1021\/revisions"}],"wp:featuredmedia":[{"embeddable":true,"href":"https:\/\/eldiariorepublicamx.com\/index.php?rest_route=\/wp\/v2\/media\/1022"}],"wp:attachment":[{"href":"https:\/\/eldiariorepublicamx.com\/index.php?rest_route=%2Fwp%2Fv2%2Fmedia&parent=1021"}],"wp:term":[{"taxonomy":"category","embeddable":true,"href":"https:\/\/eldiariorepublicamx.com\/index.php?rest_route=%2Fwp%2Fv2%2Fcategories&post=1021"},{"taxonomy":"post_tag","embeddable":true,"href":"https:\/\/eldiariorepublicamx.com\/index.php?rest_route=%2Fwp%2Fv2%2Ftags&post=1021"}],"curies":[{"name":"wp","href":"https:\/\/api.w.org\/{rel}","templated":true}]}}