{"id":1015,"date":"2026-04-11T10:26:44","date_gmt":"2026-04-11T16:26:44","guid":{"rendered":"https:\/\/eldiariorepublicamx.com\/?p=1015"},"modified":"2026-04-11T10:26:44","modified_gmt":"2026-04-11T16:26:44","slug":"sheinbaum-decreta-servicio-universal-de-salud-y-establece-calendario-de-credencializacion-para-adultos-mayores","status":"publish","type":"post","link":"https:\/\/eldiariorepublicamx.com\/?p=1015","title":{"rendered":"Sheinbaum decreta Servicio Universal de Salud y establece calendario de credencializaci\u00f3n para adultos mayores"},"content":{"rendered":"<p>La presidenta Claudia Sheinbaum anunci\u00f3 la emisi\u00f3n de un decreto para establecer el Servicio Universal de Salud, un sistema que permitir\u00e1 a los mexicanos atenderse en cualquier instituci\u00f3n p\u00fablica de salud, y dio a conocer que el proceso de registro para obtener una credencial \u00fanica comenzar\u00e1 el pr\u00f3ximo 13 de abril, iniciando con las personas de 85 a\u00f1os o m\u00e1s.<\/p>\n<h3>Un paso hist\u00f3rico en salud p\u00fablica<\/h3>\n<p>Durante su conferencia matutina, la mandataria federal calific\u00f3 esta medida como un avance hist\u00f3rico. <\/p>\n<blockquote><p>\u201cEl d\u00eda de hoy estamos anunciando algo muy relevante: Va a salir un Decreto Presidencial en estos d\u00edas \u2014el d\u00eda de hoy o ma\u00f1ana\u2014 que crea el Servicio Universal de Salud en M\u00e9xico\u201d<\/p><\/blockquote>\n<p>, declar\u00f3 Sheinbaum. Explic\u00f3 que el objetivo final es que, al concluir su administraci\u00f3n, cualquier ciudadano pueda recibir atenci\u00f3n m\u00e9dica en el IMSS, IMSS Bienestar o ISSSTE, sin importar su afiliaci\u00f3n original, para as\u00ed optimizar los recursos del sistema.<\/p>\n<h3>Detalles de la credencial y su implementaci\u00f3n<\/h3>\n<p>Eduardo Clark Garc\u00eda Dobarganes, subsecretario de Integraci\u00f3n Sectorial, precis\u00f3 que esta credencial funcionar\u00e1 tambi\u00e9n como identificaci\u00f3n oficial y sustituir\u00e1 gradualmente los carnets del IMSS y del ISSSTE. El registro se llevar\u00e1 a cabo del 13 al 30 de abril en los 2,059 m\u00f3dulos de la Secretar\u00eda del Bienestar, los cuales pueden ubicarse en el sitio web gob.mx\/bienestar. Para inscribirse, los interesados deben presentar identificaci\u00f3n oficial, CURP certificada, comprobante de domicilio reciente y un n\u00famero de tel\u00e9fono.<\/p>\n<h3>Calendario de registro por iniciales<\/h3>\n<p>La secretaria de Bienestar, Ariadna Montiel Reyes, detall\u00f3 el calendario gradual, organizado por la primera letra del primer apellido. Los d\u00edas lunes 13 y 27 de abril corresponde a las letras A y B; el martes 14 y 28 a la C; mi\u00e9rcoles 15 y 29 a D, E y F; jueves 16 y 30 a la G; viernes 17 a H, I, J, K y L; y el s\u00e1bado 18 para rezagados de la A a la L. La segunda semana continuar\u00e1 con la M el lunes 20; N, \u00d1, O, P y Q el martes 21; R el mi\u00e9rcoles 22; S, T y U el jueves 23; V, W, X, Y y Z el viernes 24; y el s\u00e1bado 25 para rezagados de la M a la Z.<\/p>\n<h3>Funcionalidades y etapas futuras<\/h3>\n<p>La credencial contar\u00e1 con una aplicaci\u00f3n m\u00f3vil que, durante 2026, ofrecer\u00e1 una versi\u00f3n digital, consulta de derechohabiencia y localizaci\u00f3n de unidades m\u00e9dicas. Para 2027, se habilitar\u00e1 la gesti\u00f3n de citas, historial m\u00e9dico digital, expediente cl\u00ednico y seguimiento del programa Salud Casa por Casa, adem\u00e1s de servicios de salud digital con inteligencia artificial y teleconsulta.<\/p>\n<p>Clark Garc\u00eda Dobarganes inform\u00f3 que la primera fase de intercambio de servicios entre instituciones comenzar\u00e1 el 1 de enero de 2027, e incluir\u00e1 atenci\u00f3n universal en urgencias, partos de emergencia, c\u00f3digos infarto y cerebro, atenci\u00f3n universal para c\u00e1ncer de mama, continuidad de tratamientos para enfermedades cr\u00f3nicas, vacunaci\u00f3n y consultas de atenci\u00f3n primaria. La segunda fase, en el segundo semestre de 2027, abarcar\u00e1 servicios especializados, y para 2028 se implementar\u00e1 el surtimiento universal de recetas, consultas externas de especialidad y hospitalizaci\u00f3n referenciada.<\/p>\n","protected":false},"excerpt":{"rendered":"<p>La presidenta Claudia Sheinbaum anunci\u00f3 la emisi\u00f3n de un decreto para establecer el Servicio Universal de Salud, un sistema que permitir\u00e1 a los mexicanos atenderse&hellip;<\/p>\n","protected":false},"author":2,"featured_media":1016,"comment_status":"open","ping_status":"open","sticky":false,"template":"","format":"standard","meta":{"footnotes":""},"categories":[252,290],"tags":[13,760,101,229,757,750],"class_list":["post-1015","post","type-post","status-publish","format-standard","has-post-thumbnail","hentry","category-agenda-nacional","category-sociedad-y-cultura","tag-claudia-sheinbaum","tag-credencializacion","tag-imss","tag-issste","tag-salud-publica","tag-servicio-universal-de-salud"],"_links":{"self":[{"href":"https:\/\/eldiariorepublicamx.com\/index.php?rest_route=\/wp\/v2\/posts\/1015","targetHints":{"allow":["GET"]}}],"collection":[{"href":"https:\/\/eldiariorepublicamx.com\/index.php?rest_route=\/wp\/v2\/posts"}],"about":[{"href":"https:\/\/eldiariorepublicamx.com\/index.php?rest_route=\/wp\/v2\/types\/post"}],"author":[{"embeddable":true,"href":"https:\/\/eldiariorepublicamx.com\/index.php?rest_route=\/wp\/v2\/users\/2"}],"replies":[{"embeddable":true,"href":"https:\/\/eldiariorepublicamx.com\/index.php?rest_route=%2Fwp%2Fv2%2Fcomments&post=1015"}],"version-history":[{"count":0,"href":"https:\/\/eldiariorepublicamx.com\/index.php?rest_route=\/wp\/v2\/posts\/1015\/revisions"}],"wp:featuredmedia":[{"embeddable":true,"href":"https:\/\/eldiariorepublicamx.com\/index.php?rest_route=\/wp\/v2\/media\/1016"}],"wp:attachment":[{"href":"https:\/\/eldiariorepublicamx.com\/index.php?rest_route=%2Fwp%2Fv2%2Fmedia&parent=1015"}],"wp:term":[{"taxonomy":"category","embeddable":true,"href":"https:\/\/eldiariorepublicamx.com\/index.php?rest_route=%2Fwp%2Fv2%2Fcategories&post=1015"},{"taxonomy":"post_tag","embeddable":true,"href":"https:\/\/eldiariorepublicamx.com\/index.php?rest_route=%2Fwp%2Fv2%2Ftags&post=1015"}],"curies":[{"name":"wp","href":"https:\/\/api.w.org\/{rel}","templated":true}]}}