{"id":1013,"date":"2026-04-11T10:26:42","date_gmt":"2026-04-11T16:26:42","guid":{"rendered":"https:\/\/eldiariorepublicamx.com\/?p=1013"},"modified":"2026-04-13T10:31:33","modified_gmt":"2026-04-13T16:31:33","slug":"sheinbaum-destaca-avances-del-plan-b-electoral-tras-su-aprobacion-en-congresos-estatales","status":"publish","type":"post","link":"https:\/\/eldiariorepublicamx.com\/?p=1013","title":{"rendered":"Sheinbaum destaca avances del plan B electoral tras su aprobaci\u00f3n en congresos estatales"},"content":{"rendered":"<p>La presidenta Claudia Sheinbaum anunci\u00f3 este viernes que la reforma electoral conocida como plan B ha sido ratificada constitucionalmente, luego de recibir la aprobaci\u00f3n de m\u00e1s de la mitad de las legislaturas estatales del pa\u00eds.<\/p>\n<h3>Principales logros de la reforma<\/h3>\n<p>Durante su conferencia en Palacio Nacional, la mandataria enumer\u00f3 los seis cambios centrales que, seg\u00fan ella, buscan eliminar privilegios en el sistema pol\u00edtico. Estos incluyen la prohibici\u00f3n de la reelecci\u00f3n y el nepotismo, la disminuci\u00f3n de recursos destinados a los congresos locales y la reducci\u00f3n del n\u00famero de regidores en los ayuntamientos.<\/p>\n<p>Tambi\u00e9n destac\u00f3 el fin de las pensiones consideradas excesivas, la baja en los salarios de ciertos funcionarios y la eliminaci\u00f3n de bonos y seguros de gastos m\u00e9dicos para consejeros y magistrados electorales.<\/p>\n<blockquote><p>\u201cEsto ya es un hecho para el pa\u00eds, solamente est\u00e1 por publicarse en el Diario Oficial de la Federaci\u00f3n\u201d, dijo la Mandataria.<\/p><\/blockquote>\n<p>El proceso de ratificaci\u00f3n se complet\u00f3 r\u00e1pidamente, pues en menos de un d\u00eda tras su aprobaci\u00f3n en la C\u00e1mara de Diputados, ya contaba con el aval de 17 congresos locales, superando el m\u00ednimo requerido.<\/p>\n<h3>Agenda internacional<\/h3>\n<p>En la misma conferencia, Sheinbaum inform\u00f3 sobre su pr\u00f3xima agenda internacional. La semana siguiente viajar\u00e1 a Barcelona, Espa\u00f1a, para participar en una cumbre de gobiernos progresistas convocada por el expresidente chileno Gabriel Boric.<\/p>\n<p>Al encuentro asistir\u00e1n otros mandatarios de la regi\u00f3n, como Luiz In\u00e1cio Lula da Silva de Brasil, Gustavo Petro de Colombia, Yamand\u00fa Orsi Mart\u00ednez de Uruguay y el presidente del Gobierno espa\u00f1ol, Pedro S\u00e1nchez.<\/p>\n<p>Este viaje marca la primera visita de la presidenta a Europa desde que asumi\u00f3 el cargo. Se realiza en un contexto donde el pr\u00edncipe Felipe de Espa\u00f1a ha reconocido los abusos cometidos durante la \u00e9poca de la Conquista y mientras se espera su posible asistencia a la inauguraci\u00f3n de la Copa FIFA 2026 en M\u00e9xico.<\/p>\n","protected":false},"excerpt":{"rendered":"<p>La presidenta Claudia Sheinbaum anunci\u00f3 este viernes que la reforma electoral conocida como plan B ha sido ratificada constitucionalmente, luego de recibir la aprobaci\u00f3n de&hellip;<\/p>\n","protected":false},"author":2,"featured_media":0,"comment_status":"open","ping_status":"open","sticky":false,"template":"","format":"standard","meta":{"footnotes":""},"categories":[252],"tags":[13,875,876,313,14],"class_list":["post-1013","post","type-post","status-publish","format-standard","hentry","category-agenda-nacional","tag-claudia-sheinbaum","tag-congresos-estatales","tag-constitucionalidad","tag-plan-b","tag-reforma-electoral"],"_links":{"self":[{"href":"https:\/\/eldiariorepublicamx.com\/index.php?rest_route=\/wp\/v2\/posts\/1013","targetHints":{"allow":["GET"]}}],"collection":[{"href":"https:\/\/eldiariorepublicamx.com\/index.php?rest_route=\/wp\/v2\/posts"}],"about":[{"href":"https:\/\/eldiariorepublicamx.com\/index.php?rest_route=\/wp\/v2\/types\/post"}],"author":[{"embeddable":true,"href":"https:\/\/eldiariorepublicamx.com\/index.php?rest_route=\/wp\/v2\/users\/2"}],"replies":[{"embeddable":true,"href":"https:\/\/eldiariorepublicamx.com\/index.php?rest_route=%2Fwp%2Fv2%2Fcomments&post=1013"}],"version-history":[{"count":1,"href":"https:\/\/eldiariorepublicamx.com\/index.php?rest_route=\/wp\/v2\/posts\/1013\/revisions"}],"predecessor-version":[{"id":1053,"href":"https:\/\/eldiariorepublicamx.com\/index.php?rest_route=\/wp\/v2\/posts\/1013\/revisions\/1053"}],"wp:attachment":[{"href":"https:\/\/eldiariorepublicamx.com\/index.php?rest_route=%2Fwp%2Fv2%2Fmedia&parent=1013"}],"wp:term":[{"taxonomy":"category","embeddable":true,"href":"https:\/\/eldiariorepublicamx.com\/index.php?rest_route=%2Fwp%2Fv2%2Fcategories&post=1013"},{"taxonomy":"post_tag","embeddable":true,"href":"https:\/\/eldiariorepublicamx.com\/index.php?rest_route=%2Fwp%2Fv2%2Ftags&post=1013"}],"curies":[{"name":"wp","href":"https:\/\/api.w.org\/{rel}","templated":true}]}}