{"id":1007,"date":"2026-04-11T10:26:30","date_gmt":"2026-04-11T16:26:30","guid":{"rendered":"https:\/\/eldiariorepublicamx.com\/?p=1007"},"modified":"2026-04-11T10:26:30","modified_gmt":"2026-04-11T16:26:30","slug":"diputada-federal-conmemora-legado-de-emiliano-zapata-junto-a-la-presidenta-sheinbaum-y-la-gobernadora-de-morelos","status":"publish","type":"post","link":"https:\/\/eldiariorepublicamx.com\/?p=1007","title":{"rendered":"Diputada federal conmemora legado de Emiliano Zapata junto a la presidenta Sheinbaum y la gobernadora de Morelos"},"content":{"rendered":"<p>La diputada federal Cindy Winkler Trujillo particip\u00f3 este 11 de abril en los actos por el 107 aniversario luctuoso del General Emiliano Zapata Salazar, realizados en la Hacienda de Chinameca, ubicada en el municipio de Ayala, Morelos.<\/p>\n<h3>Compromiso con la justicia social<\/h3>\n<p>Durante la conmemoraci\u00f3n hist\u00f3rica, la legisladora presenci\u00f3 el compromiso de la Presidenta de M\u00e9xico, la Dra. Claudia Sheinbaum Pardo, quien enfatiz\u00f3 que los ideales de \u00abTierra y Libertad\u00bb permanecen vigentes en las pol\u00edticas de su gobierno. En el evento, se procedi\u00f3 a la entrega simb\u00f3lica de t\u00edtulos de propiedad y certificados parcelarios a comunidades que hab\u00edan sufrido despojos en el pasado, una acci\u00f3n que busca poner el poder al servicio del pueblo.<\/p>\n<h3>Reconocimiento a la gesti\u00f3n estatal<\/h3>\n<p>Winkler Trujillo tambi\u00e9n destac\u00f3 la labor de la gobernadora de Morelos, Margarita Gonz\u00e1lez Saravia, a quien describi\u00f3 como una mujer honesta y cercana a la gente que est\u00e1 trabajando para devolver la dignidad al campo de ese estado.<\/p>\n<h3>Enfoque en el papel de la mujer<\/h3>\n<p>La conmemoraci\u00f3n sirvi\u00f3 para resaltar el papel de la mujer en la vida agraria, bajo el lema \u00abEn Morelos, el campo tiene coraz\u00f3n y rostro de mujer\u00bb. Este mensaje se vio reforzado con la inauguraci\u00f3n del Museo de las Mujeres Zapatistas en Ciudad Ayala.<\/p>\n<p>Con su presencia en el acto, la diputada federal ratifica su participaci\u00f3n activa en la agenda legislativa para respaldar reformas que eliminen privilegios y aseguren que los recursos lleguen directamente a los productores y campesinos, honrando de esta manera la memoria del \u00abCaudillo del Sur\u00bb en el actual contexto de transformaci\u00f3n nacional.<\/p>\n","protected":false},"excerpt":{"rendered":"<p>La diputada federal Cindy Winkler Trujillo particip\u00f3 este 11 de abril en los actos por el 107 aniversario luctuoso del General Emiliano Zapata Salazar, realizados&hellip;<\/p>\n","protected":false},"author":2,"featured_media":1008,"comment_status":"open","ping_status":"open","sticky":false,"template":"","format":"standard","meta":{"footnotes":""},"categories":[252,290],"tags":[869,866,13,867,868],"class_list":["post-1007","post","type-post","status-publish","format-standard","has-post-thumbnail","hentry","category-agenda-nacional","category-sociedad-y-cultura","tag-aniversario-luctuoso","tag-cindy-winkler-trujillo","tag-claudia-sheinbaum","tag-emiliano-zapata","tag-morelos"],"_links":{"self":[{"href":"https:\/\/eldiariorepublicamx.com\/index.php?rest_route=\/wp\/v2\/posts\/1007","targetHints":{"allow":["GET"]}}],"collection":[{"href":"https:\/\/eldiariorepublicamx.com\/index.php?rest_route=\/wp\/v2\/posts"}],"about":[{"href":"https:\/\/eldiariorepublicamx.com\/index.php?rest_route=\/wp\/v2\/types\/post"}],"author":[{"embeddable":true,"href":"https:\/\/eldiariorepublicamx.com\/index.php?rest_route=\/wp\/v2\/users\/2"}],"replies":[{"embeddable":true,"href":"https:\/\/eldiariorepublicamx.com\/index.php?rest_route=%2Fwp%2Fv2%2Fcomments&post=1007"}],"version-history":[{"count":0,"href":"https:\/\/eldiariorepublicamx.com\/index.php?rest_route=\/wp\/v2\/posts\/1007\/revisions"}],"wp:featuredmedia":[{"embeddable":true,"href":"https:\/\/eldiariorepublicamx.com\/index.php?rest_route=\/wp\/v2\/media\/1008"}],"wp:attachment":[{"href":"https:\/\/eldiariorepublicamx.com\/index.php?rest_route=%2Fwp%2Fv2%2Fmedia&parent=1007"}],"wp:term":[{"taxonomy":"category","embeddable":true,"href":"https:\/\/eldiariorepublicamx.com\/index.php?rest_route=%2Fwp%2Fv2%2Fcategories&post=1007"},{"taxonomy":"post_tag","embeddable":true,"href":"https:\/\/eldiariorepublicamx.com\/index.php?rest_route=%2Fwp%2Fv2%2Ftags&post=1007"}],"curies":[{"name":"wp","href":"https:\/\/api.w.org\/{rel}","templated":true}]}}